{"id":2261,"date":"2023-07-12T14:48:55","date_gmt":"2023-07-12T12:48:55","guid":{"rendered":"https:\/\/freebrand-test.ch\/?p=2261"},"modified":"2023-07-12T14:48:56","modified_gmt":"2023-07-12T12:48:56","slug":"durabilite-event","status":"publish","type":"post","link":"https:\/\/freebrand-test.ch\/de\/durabilite-event\/","title":{"rendered":"Central Malley und die Nachhaltigkeit &#8211; Austausch bei einem Fr\u00fchst\u00fcck."},"content":{"rendered":"\n<p>Am letzten Donnerstag im Juni fand ein lehrreicher Austausch statt, der mehrere Personen zusammenbrachte, die an der Realisierung des Vorzeigeprojekts von SBB Immobilien in Lausanne West beteiligt sind.<\/p>\n\n\n\n<p>Der eingeladene Experte Olivier Epelly von Amstein + Walthert stellte die Nachhaltigkeitsthematik des Projekts Central Malley ausf\u00fchrlich vor. Er war unter anderem an der Auszeichnung des Projekts als &#8220;2000-Watt-Standort&#8221; beteiligt, einem ehrgeizigen Energieziel, das darauf abzielt, die Auswirkungen von Bau und Betrieb auf die Umwelt erheblich zu reduzieren. Die Pr\u00e4sentation endete mit der Gelegenheit zum Austausch zwischen den Teilnehmenden. Am Rande des Themenschwerpunkts gab das B\u00fcrovermarktungsteam einen \u00dcberblick \u00fcber den aktuellen Stand der Bauarbeiten und die M\u00f6glichkeiten, neue Mieter:innen willkommen zu heissen.<\/p>\n\n\n\n<p>Anschliessend begab sich die Gruppe auf die Terrasse neben der Baustelle, um den atemberaubenden Blick auf die im Bau befindlichen Geb\u00e4ude zu geniessen.<\/p>\n\n\n\n<p>Die B\u00fcro- und Gesch\u00e4ftsfl\u00e4chen werden derzeit vermietet und die Inbetriebnahme der neuen Geb\u00e4ude wird zwischen Ende 2024 und Anfang 2025 erfolgen.<\/p>\n\n\n\n<p>M\u00f6chten Sie sich diesem neuen Stadtteil in Lausanne West anschliessen?<\/p>\n\n\n\n<p>Besuchen Sie auf dieser Website die Seiten zu den Mietfl\u00e4chen. Unsere Spezialisten werden Ihre \u00fcber das <a href=\"https:\/\/freebrand-test.ch\/de\/kontakt\/\">Kontaktformular<\/a> \u00fcbermittelten Anfragen umgehend beantworten.<\/p>\n","protected":false},"excerpt":{"rendered":"<p>Eine Gruppe von G\u00e4sten hatte die Gelegenheit, zu erfahren, wie das Thema Nachhaltigkeit beim Bau eines grossen Immobilienprojekts wie Central Malley angewendet wird. Olivier Epelly (Amstein + Walthert) erl\u00e4uterte bei einem gem\u00fctlichen Fr\u00fchst\u00fcck die Herausforderungen und die gew\u00e4hlten L\u00f6sungen.<\/p>\n","protected":false},"author":12,"featured_media":2259,"comment_status":"closed","ping_status":"closed","sticky":false,"template":"","format":"standard","meta":{"_acf_changed":false,"inline_featured_image":false,"footnotes":""},"categories":[37],"tags":[],"class_list":["post-2261","post","type-post","status-publish","format-standard","has-post-thumbnail","hentry","category-news-de"],"acf":[],"yoast_head":"<!-- This site is optimized with the Yoast SEO plugin v26.8 - https:\/\/yoast.com\/product\/yoast-seo-wordpress\/ -->\n<title>Central Malley und die Nachhaltigkeit - Austausch bei einem Fr\u00fchst\u00fcck. - Central Malley<\/title>\n<meta name=\"description\" content=\"Nachhaltigkeit des Projekts Central Malley im Westen von Lausanne. Experte und Austausch mit Teilnehmenden. Besuchen Sie unsere Website.\" \/>\n<meta name=\"robots\" content=\"noindex, follow, max-snippet:-1, max-image-preview:large, max-video-preview:-1\" \/>\n<meta property=\"og:locale\" content=\"de_DE\" \/>\n<meta property=\"og:type\" content=\"article\" \/>\n<meta property=\"og:title\" content=\"Central Malley und die Nachhaltigkeit - Austausch bei einem Fr\u00fchst\u00fcck. - Central Malley\" \/>\n<meta property=\"og:description\" content=\"Nachhaltigkeit des Projekts Central Malley im Westen von Lausanne. Experte und Austausch mit Teilnehmenden. Besuchen Sie unsere Website.\" \/>\n<meta property=\"og:url\" content=\"https:\/\/freebrand-test.ch\/de\/durabilite-event\/\" \/>\n<meta property=\"og:site_name\" content=\"Central Malley\" \/>\n<meta property=\"article:published_time\" content=\"2023-07-12T12:48:55+00:00\" \/>\n<meta property=\"article:modified_time\" content=\"2023-07-12T12:48:56+00:00\" \/>\n<meta property=\"og:image\" content=\"https:\/\/freebrand-test.ch\/wp-content\/uploads\/2023\/07\/Event-Central-Malley-scaled.jpg\" \/>\n\t<meta property=\"og:image:width\" content=\"2560\" \/>\n\t<meta property=\"og:image:height\" content=\"1920\" \/>\n\t<meta property=\"og:image:type\" content=\"image\/jpeg\" \/>\n<meta name=\"twitter:card\" content=\"summary_large_image\" \/>\n<meta name=\"twitter:label1\" content=\"Verfasst von\" \/>\n\t<meta name=\"twitter:data1\" content=\"\" \/>\n\t<meta name=\"twitter:label2\" content=\"Gesch\u00e4tzte Lesezeit\" \/>\n\t<meta name=\"twitter:data2\" content=\"1 Minute\" \/>\n<script type=\"application\/ld+json\" class=\"yoast-schema-graph\">{\"@context\":\"https:\/\/schema.org\",\"@graph\":[{\"@type\":\"Article\",\"@id\":\"https:\/\/freebrand-test.ch\/de\/durabilite-event\/#article\",\"isPartOf\":{\"@id\":\"https:\/\/freebrand-test.ch\/de\/durabilite-event\/\"},\"author\":{\"name\":\"\",\"@id\":\"\"},\"headline\":\"Central Malley und die Nachhaltigkeit &#8211; Austausch bei einem Fr\u00fchst\u00fcck.\",\"datePublished\":\"2023-07-12T12:48:55+00:00\",\"dateModified\":\"2023-07-12T12:48:56+00:00\",\"mainEntityOfPage\":{\"@id\":\"https:\/\/freebrand-test.ch\/de\/durabilite-event\/\"},\"wordCount\":206,\"publisher\":{\"@id\":\"https:\/\/freebrand-test.ch\/#organization\"},\"image\":{\"@id\":\"https:\/\/freebrand-test.ch\/de\/durabilite-event\/#primaryimage\"},\"thumbnailUrl\":\"https:\/\/freebrand-test.ch\/wp-content\/uploads\/2023\/07\/Event-Central-Malley-scaled.jpg\",\"articleSection\":[\"News\"],\"inLanguage\":\"de-DE\"},{\"@type\":\"WebPage\",\"@id\":\"https:\/\/freebrand-test.ch\/de\/durabilite-event\/\",\"url\":\"https:\/\/freebrand-test.ch\/de\/durabilite-event\/\",\"name\":\"Central Malley und die Nachhaltigkeit - Austausch bei einem Fr\u00fchst\u00fcck. - Central Malley\",\"isPartOf\":{\"@id\":\"https:\/\/freebrand-test.ch\/#website\"},\"primaryImageOfPage\":{\"@id\":\"https:\/\/freebrand-test.ch\/de\/durabilite-event\/#primaryimage\"},\"image\":{\"@id\":\"https:\/\/freebrand-test.ch\/de\/durabilite-event\/#primaryimage\"},\"thumbnailUrl\":\"https:\/\/freebrand-test.ch\/wp-content\/uploads\/2023\/07\/Event-Central-Malley-scaled.jpg\",\"datePublished\":\"2023-07-12T12:48:55+00:00\",\"dateModified\":\"2023-07-12T12:48:56+00:00\",\"description\":\"Nachhaltigkeit des Projekts Central Malley im Westen von Lausanne. Experte und Austausch mit Teilnehmenden. Besuchen Sie unsere Website.\",\"breadcrumb\":{\"@id\":\"https:\/\/freebrand-test.ch\/de\/durabilite-event\/#breadcrumb\"},\"inLanguage\":\"de-DE\",\"potentialAction\":[{\"@type\":\"ReadAction\",\"target\":[\"https:\/\/freebrand-test.ch\/de\/durabilite-event\/\"]}]},{\"@type\":\"ImageObject\",\"inLanguage\":\"de-DE\",\"@id\":\"https:\/\/freebrand-test.ch\/de\/durabilite-event\/#primaryimage\",\"url\":\"https:\/\/freebrand-test.ch\/wp-content\/uploads\/2023\/07\/Event-Central-Malley-scaled.jpg\",\"contentUrl\":\"https:\/\/freebrand-test.ch\/wp-content\/uploads\/2023\/07\/Event-Central-Malley-scaled.jpg\",\"width\":2560,\"height\":1920},{\"@type\":\"BreadcrumbList\",\"@id\":\"https:\/\/freebrand-test.ch\/de\/durabilite-event\/#breadcrumb\",\"itemListElement\":[{\"@type\":\"ListItem\",\"position\":1,\"name\":\"Startseite\",\"item\":\"https:\/\/freebrand-test.ch\/de\/\"},{\"@type\":\"ListItem\",\"position\":2,\"name\":\"Central Malley und die Nachhaltigkeit &#8211; Austausch bei einem Fr\u00fchst\u00fcck.\"}]},{\"@type\":\"WebSite\",\"@id\":\"https:\/\/freebrand-test.ch\/#website\",\"url\":\"https:\/\/freebrand-test.ch\/\",\"name\":\"Central Malley\",\"description\":\"\",\"publisher\":{\"@id\":\"https:\/\/freebrand-test.ch\/#organization\"},\"potentialAction\":[{\"@type\":\"SearchAction\",\"target\":{\"@type\":\"EntryPoint\",\"urlTemplate\":\"https:\/\/freebrand-test.ch\/?s={search_term_string}\"},\"query-input\":{\"@type\":\"PropertyValueSpecification\",\"valueRequired\":true,\"valueName\":\"search_term_string\"}}],\"inLanguage\":\"de-DE\"},{\"@type\":\"Organization\",\"@id\":\"https:\/\/freebrand-test.ch\/#organization\",\"name\":\"Central Malley\",\"url\":\"https:\/\/freebrand-test.ch\/\",\"logo\":{\"@type\":\"ImageObject\",\"inLanguage\":\"de-DE\",\"@id\":\"https:\/\/freebrand-test.ch\/#\/schema\/logo\/image\/\",\"url\":\"https:\/\/freebrand-test.ch\/wp-content\/uploads\/2021\/09\/logo-central.svg\",\"contentUrl\":\"https:\/\/freebrand-test.ch\/wp-content\/uploads\/2021\/09\/logo-central.svg\",\"width\":229,\"height\":68,\"caption\":\"Central Malley\"},\"image\":{\"@id\":\"https:\/\/freebrand-test.ch\/#\/schema\/logo\/image\/\"}},{\"@type\":\"Person\",\"@id\":\"\"}]}<\/script>\n<!-- \/ Yoast SEO plugin. -->","yoast_head_json":{"title":"Central Malley und die Nachhaltigkeit - Austausch bei einem Fr\u00fchst\u00fcck. - Central Malley","description":"Nachhaltigkeit des Projekts Central Malley im Westen von Lausanne. Experte und Austausch mit Teilnehmenden. Besuchen Sie unsere Website.","robots":{"index":"noindex","follow":"follow","max-snippet":"max-snippet:-1","max-image-preview":"max-image-preview:large","max-video-preview":"max-video-preview:-1"},"og_locale":"de_DE","og_type":"article","og_title":"Central Malley und die Nachhaltigkeit - Austausch bei einem Fr\u00fchst\u00fcck. - Central Malley","og_description":"Nachhaltigkeit des Projekts Central Malley im Westen von Lausanne. Experte und Austausch mit Teilnehmenden. Besuchen Sie unsere Website.","og_url":"https:\/\/freebrand-test.ch\/de\/durabilite-event\/","og_site_name":"Central Malley","article_published_time":"2023-07-12T12:48:55+00:00","article_modified_time":"2023-07-12T12:48:56+00:00","og_image":[{"width":2560,"height":1920,"url":"https:\/\/freebrand-test.ch\/wp-content\/uploads\/2023\/07\/Event-Central-Malley-scaled.jpg","type":"image\/jpeg"}],"twitter_card":"summary_large_image","twitter_misc":{"Verfasst von":"","Gesch\u00e4tzte Lesezeit":"1 Minute"},"schema":{"@context":"https:\/\/schema.org","@graph":[{"@type":"Article","@id":"https:\/\/freebrand-test.ch\/de\/durabilite-event\/#article","isPartOf":{"@id":"https:\/\/freebrand-test.ch\/de\/durabilite-event\/"},"author":{"name":"","@id":""},"headline":"Central Malley und die Nachhaltigkeit &#8211; Austausch bei einem Fr\u00fchst\u00fcck.","datePublished":"2023-07-12T12:48:55+00:00","dateModified":"2023-07-12T12:48:56+00:00","mainEntityOfPage":{"@id":"https:\/\/freebrand-test.ch\/de\/durabilite-event\/"},"wordCount":206,"publisher":{"@id":"https:\/\/freebrand-test.ch\/#organization"},"image":{"@id":"https:\/\/freebrand-test.ch\/de\/durabilite-event\/#primaryimage"},"thumbnailUrl":"https:\/\/freebrand-test.ch\/wp-content\/uploads\/2023\/07\/Event-Central-Malley-scaled.jpg","articleSection":["News"],"inLanguage":"de-DE"},{"@type":"WebPage","@id":"https:\/\/freebrand-test.ch\/de\/durabilite-event\/","url":"https:\/\/freebrand-test.ch\/de\/durabilite-event\/","name":"Central Malley und die Nachhaltigkeit - Austausch bei einem Fr\u00fchst\u00fcck. - Central Malley","isPartOf":{"@id":"https:\/\/freebrand-test.ch\/#website"},"primaryImageOfPage":{"@id":"https:\/\/freebrand-test.ch\/de\/durabilite-event\/#primaryimage"},"image":{"@id":"https:\/\/freebrand-test.ch\/de\/durabilite-event\/#primaryimage"},"thumbnailUrl":"https:\/\/freebrand-test.ch\/wp-content\/uploads\/2023\/07\/Event-Central-Malley-scaled.jpg","datePublished":"2023-07-12T12:48:55+00:00","dateModified":"2023-07-12T12:48:56+00:00","description":"Nachhaltigkeit des Projekts Central Malley im Westen von Lausanne. Experte und Austausch mit Teilnehmenden. Besuchen Sie unsere Website.","breadcrumb":{"@id":"https:\/\/freebrand-test.ch\/de\/durabilite-event\/#breadcrumb"},"inLanguage":"de-DE","potentialAction":[{"@type":"ReadAction","target":["https:\/\/freebrand-test.ch\/de\/durabilite-event\/"]}]},{"@type":"ImageObject","inLanguage":"de-DE","@id":"https:\/\/freebrand-test.ch\/de\/durabilite-event\/#primaryimage","url":"https:\/\/freebrand-test.ch\/wp-content\/uploads\/2023\/07\/Event-Central-Malley-scaled.jpg","contentUrl":"https:\/\/freebrand-test.ch\/wp-content\/uploads\/2023\/07\/Event-Central-Malley-scaled.jpg","width":2560,"height":1920},{"@type":"BreadcrumbList","@id":"https:\/\/freebrand-test.ch\/de\/durabilite-event\/#breadcrumb","itemListElement":[{"@type":"ListItem","position":1,"name":"Startseite","item":"https:\/\/freebrand-test.ch\/de\/"},{"@type":"ListItem","position":2,"name":"Central Malley und die Nachhaltigkeit &#8211; Austausch bei einem Fr\u00fchst\u00fcck."}]},{"@type":"WebSite","@id":"https:\/\/freebrand-test.ch\/#website","url":"https:\/\/freebrand-test.ch\/","name":"Central Malley","description":"","publisher":{"@id":"https:\/\/freebrand-test.ch\/#organization"},"potentialAction":[{"@type":"SearchAction","target":{"@type":"EntryPoint","urlTemplate":"https:\/\/freebrand-test.ch\/?s={search_term_string}"},"query-input":{"@type":"PropertyValueSpecification","valueRequired":true,"valueName":"search_term_string"}}],"inLanguage":"de-DE"},{"@type":"Organization","@id":"https:\/\/freebrand-test.ch\/#organization","name":"Central Malley","url":"https:\/\/freebrand-test.ch\/","logo":{"@type":"ImageObject","inLanguage":"de-DE","@id":"https:\/\/freebrand-test.ch\/#\/schema\/logo\/image\/","url":"https:\/\/freebrand-test.ch\/wp-content\/uploads\/2021\/09\/logo-central.svg","contentUrl":"https:\/\/freebrand-test.ch\/wp-content\/uploads\/2021\/09\/logo-central.svg","width":229,"height":68,"caption":"Central Malley"},"image":{"@id":"https:\/\/freebrand-test.ch\/#\/schema\/logo\/image\/"}},{"@type":"Person","@id":""}]}},"_links":{"self":[{"href":"https:\/\/freebrand-test.ch\/de\/wp-json\/wp\/v2\/posts\/2261","targetHints":{"allow":["GET"]}}],"collection":[{"href":"https:\/\/freebrand-test.ch\/de\/wp-json\/wp\/v2\/posts"}],"about":[{"href":"https:\/\/freebrand-test.ch\/de\/wp-json\/wp\/v2\/types\/post"}],"author":[{"embeddable":true,"href":"https:\/\/freebrand-test.ch\/de\/wp-json\/wp\/v2\/users\/12"}],"replies":[{"embeddable":true,"href":"https:\/\/freebrand-test.ch\/de\/wp-json\/wp\/v2\/comments?post=2261"}],"version-history":[{"count":0,"href":"https:\/\/freebrand-test.ch\/de\/wp-json\/wp\/v2\/posts\/2261\/revisions"}],"wp:featuredmedia":[{"embeddable":true,"href":"https:\/\/freebrand-test.ch\/de\/wp-json\/wp\/v2\/media\/2259"}],"wp:attachment":[{"href":"https:\/\/freebrand-test.ch\/de\/wp-json\/wp\/v2\/media?parent=2261"}],"wp:term":[{"taxonomy":"category","embeddable":true,"href":"https:\/\/freebrand-test.ch\/de\/wp-json\/wp\/v2\/categories?post=2261"},{"taxonomy":"post_tag","embeddable":true,"href":"https:\/\/freebrand-test.ch\/de\/wp-json\/wp\/v2\/tags?post=2261"}],"curies":[{"name":"wp","href":"https:\/\/api.w.org\/{rel}","templated":true}]}}