{"id":696,"date":"2019-10-10T10:39:00","date_gmt":"2019-10-10T08:39:00","guid":{"rendered":"https:\/\/freebrand-test.ch\/reflexion-sur-les-espaces-publics-de-malley-gare\/"},"modified":"2022-03-11T14:55:17","modified_gmt":"2022-03-11T13:55:17","slug":"reflexion-sur-les-espaces-publics-de-malley-gare","status":"publish","type":"post","link":"https:\/\/freebrand-test.ch\/de\/reflexion-sur-les-espaces-publics-de-malley-gare\/","title":{"rendered":"\u00dcBERLEGUNGEN ZUM \u00d6FFENTLICHEN RAUM IN MALLEY-GARE."},"content":{"rendered":"\n<p>Nach dem Aktionstag bei strahlendem Sonnenschein am letzten Samstag m\u00f6chten wir Sie an unser Treffen am kommenden <strong>Samstag, den 12.&nbsp;Oktober<\/strong> erinnern, an dem wir uns \u00fcber den \u00f6ffentlichen Raum in Malley-Gare austauschen m\u00f6chten.<\/p>\n\n\n\n<p><strong>Programm<\/strong><\/p>\n\n\n\n<ul class=\"wp-block-list\"><li>9.00\/14.00&nbsp;Uhr \u2013 Start Stadtspaziergang<\/li><li>16.30&nbsp;Uhr \u2013 Zusammenschau und Ap\u00e9ro mit den Verantwortlichen der Beh\u00f6rden von Renens und Prilly sowie der SBB, der Standorteigent\u00fcmerin<\/li><\/ul>\n\n\n\n<p>Treffpunkt vor dem SBB\u00a0Bahnhof Prilly-Malley<\/p>\n\n\n\n<p>Wir freuen uns auf Sie!<\/p>\n\n\n\n<p>Ein erster <strong>Aktionstag<\/strong> wurde am <strong>Samstag, den 28.&nbsp;September von 9 bis 17&nbsp;Uhr<\/strong> in der N\u00e4he des SBB&nbsp;Bahnhofs Prilly-Malley veranstaltet.<\/p>\n\n\n\n<p>\u00dcber f\u00fcnfzig Anwohnerinnen und Passanten sind vorbeigekommen, um sich zu informieren, gemeinsam einen Kaffee oder eine Holzofenpizza zu geniessen oder sogar an einem speziell f\u00fcr diesen Anlass entworfenen Stadtm\u00f6bel mitzubauen.<\/p>\n","protected":false},"excerpt":{"rendered":"<p>Nach dem Aktionstag bei strahlendem Sonnenschein am letzten Samstag m\u00f6chten wir Sie an unser Treffen am kommenden Samstag, den 12.&nbsp;Oktober erinnern, an dem wir uns \u00fcber den \u00f6ffentlichen Raum in Malley-Gare austauschen m\u00f6chten. Programm 9.00\/14.00&nbsp;Uhr \u2013 Start Stadtspaziergang 16.30&nbsp;Uhr \u2013 Zusammenschau und Ap\u00e9ro mit den Verantwortlichen der Beh\u00f6rden von Renens und Prilly sowie der SBB, [&hellip;]<\/p>\n","protected":false},"author":3,"featured_media":627,"comment_status":"closed","ping_status":"closed","sticky":false,"template":"","format":"standard","meta":{"_acf_changed":false,"inline_featured_image":false,"footnotes":""},"categories":[37],"tags":[],"class_list":["post-696","post","type-post","status-publish","format-standard","has-post-thumbnail","hentry","category-news-de"],"acf":[],"yoast_head":"<!-- This site is optimized with the Yoast SEO plugin v26.8 - https:\/\/yoast.com\/product\/yoast-seo-wordpress\/ -->\n<title>\u00dcBERLEGUNGEN ZUM \u00d6FFENTLICHEN RAUM IN MALLEY-GARE. - Central Malley<\/title>\n<meta name=\"robots\" content=\"noindex, follow, max-snippet:-1, max-image-preview:large, max-video-preview:-1\" \/>\n<meta property=\"og:locale\" content=\"de_DE\" \/>\n<meta property=\"og:type\" content=\"article\" \/>\n<meta property=\"og:title\" content=\"\u00dcBERLEGUNGEN ZUM \u00d6FFENTLICHEN RAUM IN MALLEY-GARE. - Central Malley\" \/>\n<meta property=\"og:description\" content=\"Nach dem Aktionstag bei strahlendem Sonnenschein am letzten Samstag m\u00f6chten wir Sie an unser Treffen am kommenden Samstag, den 12.&nbsp;Oktober erinnern, an dem wir uns \u00fcber den \u00f6ffentlichen Raum in Malley-Gare austauschen m\u00f6chten. Programm 9.00\/14.00&nbsp;Uhr \u2013 Start Stadtspaziergang 16.30&nbsp;Uhr \u2013 Zusammenschau und Ap\u00e9ro mit den Verantwortlichen der Beh\u00f6rden von Renens und Prilly sowie der SBB, [&hellip;]\" \/>\n<meta property=\"og:url\" content=\"https:\/\/freebrand-test.ch\/de\/reflexion-sur-les-espaces-publics-de-malley-gare\/\" \/>\n<meta property=\"og:site_name\" content=\"Central Malley\" \/>\n<meta property=\"article:published_time\" content=\"2019-10-10T08:39:00+00:00\" \/>\n<meta property=\"article:modified_time\" content=\"2022-03-11T13:55:17+00:00\" \/>\n<meta property=\"og:image\" content=\"https:\/\/freebrand-test.ch\/wp-content\/uploads\/2021\/09\/news.jpg\" \/>\n\t<meta property=\"og:image:width\" content=\"2256\" \/>\n\t<meta property=\"og:image:height\" content=\"1496\" \/>\n\t<meta property=\"og:image:type\" content=\"image\/jpeg\" \/>\n<meta name=\"author\" content=\"Dimitrij Rees\" \/>\n<meta name=\"twitter:card\" content=\"summary_large_image\" \/>\n<meta name=\"twitter:label1\" content=\"Verfasst von\" \/>\n\t<meta name=\"twitter:data1\" content=\"Dimitrij Rees\" \/>\n\t<meta name=\"twitter:label2\" content=\"Gesch\u00e4tzte Lesezeit\" \/>\n\t<meta name=\"twitter:data2\" content=\"1 Minute\" \/>\n<script type=\"application\/ld+json\" class=\"yoast-schema-graph\">{\"@context\":\"https:\/\/schema.org\",\"@graph\":[{\"@type\":\"Article\",\"@id\":\"https:\/\/freebrand-test.ch\/de\/reflexion-sur-les-espaces-publics-de-malley-gare\/#article\",\"isPartOf\":{\"@id\":\"https:\/\/freebrand-test.ch\/de\/reflexion-sur-les-espaces-publics-de-malley-gare\/\"},\"author\":{\"name\":\"Dimitrij Rees\",\"@id\":\"https:\/\/freebrand-test.ch\/#\/schema\/person\/1301c9ae39383fe60841fa56d2c1eb0b\"},\"headline\":\"\u00dcBERLEGUNGEN ZUM \u00d6FFENTLICHEN RAUM IN MALLEY-GARE.\",\"datePublished\":\"2019-10-10T08:39:00+00:00\",\"dateModified\":\"2022-03-11T13:55:17+00:00\",\"mainEntityOfPage\":{\"@id\":\"https:\/\/freebrand-test.ch\/de\/reflexion-sur-les-espaces-publics-de-malley-gare\/\"},\"wordCount\":136,\"publisher\":{\"@id\":\"https:\/\/freebrand-test.ch\/#organization\"},\"image\":{\"@id\":\"https:\/\/freebrand-test.ch\/de\/reflexion-sur-les-espaces-publics-de-malley-gare\/#primaryimage\"},\"thumbnailUrl\":\"https:\/\/freebrand-test.ch\/wp-content\/uploads\/2021\/09\/news.jpg\",\"articleSection\":[\"News\"],\"inLanguage\":\"de-DE\"},{\"@type\":\"WebPage\",\"@id\":\"https:\/\/freebrand-test.ch\/de\/reflexion-sur-les-espaces-publics-de-malley-gare\/\",\"url\":\"https:\/\/freebrand-test.ch\/de\/reflexion-sur-les-espaces-publics-de-malley-gare\/\",\"name\":\"\u00dcBERLEGUNGEN ZUM \u00d6FFENTLICHEN RAUM IN MALLEY-GARE. - Central Malley\",\"isPartOf\":{\"@id\":\"https:\/\/freebrand-test.ch\/#website\"},\"primaryImageOfPage\":{\"@id\":\"https:\/\/freebrand-test.ch\/de\/reflexion-sur-les-espaces-publics-de-malley-gare\/#primaryimage\"},\"image\":{\"@id\":\"https:\/\/freebrand-test.ch\/de\/reflexion-sur-les-espaces-publics-de-malley-gare\/#primaryimage\"},\"thumbnailUrl\":\"https:\/\/freebrand-test.ch\/wp-content\/uploads\/2021\/09\/news.jpg\",\"datePublished\":\"2019-10-10T08:39:00+00:00\",\"dateModified\":\"2022-03-11T13:55:17+00:00\",\"breadcrumb\":{\"@id\":\"https:\/\/freebrand-test.ch\/de\/reflexion-sur-les-espaces-publics-de-malley-gare\/#breadcrumb\"},\"inLanguage\":\"de-DE\",\"potentialAction\":[{\"@type\":\"ReadAction\",\"target\":[\"https:\/\/freebrand-test.ch\/de\/reflexion-sur-les-espaces-publics-de-malley-gare\/\"]}]},{\"@type\":\"ImageObject\",\"inLanguage\":\"de-DE\",\"@id\":\"https:\/\/freebrand-test.ch\/de\/reflexion-sur-les-espaces-publics-de-malley-gare\/#primaryimage\",\"url\":\"https:\/\/freebrand-test.ch\/wp-content\/uploads\/2021\/09\/news.jpg\",\"contentUrl\":\"https:\/\/freebrand-test.ch\/wp-content\/uploads\/2021\/09\/news.jpg\",\"width\":2256,\"height\":1496},{\"@type\":\"BreadcrumbList\",\"@id\":\"https:\/\/freebrand-test.ch\/de\/reflexion-sur-les-espaces-publics-de-malley-gare\/#breadcrumb\",\"itemListElement\":[{\"@type\":\"ListItem\",\"position\":1,\"name\":\"Startseite\",\"item\":\"https:\/\/freebrand-test.ch\/de\/\"},{\"@type\":\"ListItem\",\"position\":2,\"name\":\"\u00dcBERLEGUNGEN ZUM \u00d6FFENTLICHEN RAUM IN MALLEY-GARE.\"}]},{\"@type\":\"WebSite\",\"@id\":\"https:\/\/freebrand-test.ch\/#website\",\"url\":\"https:\/\/freebrand-test.ch\/\",\"name\":\"Central Malley\",\"description\":\"\",\"publisher\":{\"@id\":\"https:\/\/freebrand-test.ch\/#organization\"},\"potentialAction\":[{\"@type\":\"SearchAction\",\"target\":{\"@type\":\"EntryPoint\",\"urlTemplate\":\"https:\/\/freebrand-test.ch\/?s={search_term_string}\"},\"query-input\":{\"@type\":\"PropertyValueSpecification\",\"valueRequired\":true,\"valueName\":\"search_term_string\"}}],\"inLanguage\":\"de-DE\"},{\"@type\":\"Organization\",\"@id\":\"https:\/\/freebrand-test.ch\/#organization\",\"name\":\"Central Malley\",\"url\":\"https:\/\/freebrand-test.ch\/\",\"logo\":{\"@type\":\"ImageObject\",\"inLanguage\":\"de-DE\",\"@id\":\"https:\/\/freebrand-test.ch\/#\/schema\/logo\/image\/\",\"url\":\"https:\/\/freebrand-test.ch\/wp-content\/uploads\/2021\/09\/logo-central.svg\",\"contentUrl\":\"https:\/\/freebrand-test.ch\/wp-content\/uploads\/2021\/09\/logo-central.svg\",\"width\":229,\"height\":68,\"caption\":\"Central Malley\"},\"image\":{\"@id\":\"https:\/\/freebrand-test.ch\/#\/schema\/logo\/image\/\"}},{\"@type\":\"Person\",\"@id\":\"https:\/\/freebrand-test.ch\/#\/schema\/person\/1301c9ae39383fe60841fa56d2c1eb0b\",\"name\":\"Dimitrij Rees\"}]}<\/script>\n<!-- \/ Yoast SEO plugin. -->","yoast_head_json":{"title":"\u00dcBERLEGUNGEN ZUM \u00d6FFENTLICHEN RAUM IN MALLEY-GARE. - Central Malley","robots":{"index":"noindex","follow":"follow","max-snippet":"max-snippet:-1","max-image-preview":"max-image-preview:large","max-video-preview":"max-video-preview:-1"},"og_locale":"de_DE","og_type":"article","og_title":"\u00dcBERLEGUNGEN ZUM \u00d6FFENTLICHEN RAUM IN MALLEY-GARE. - Central Malley","og_description":"Nach dem Aktionstag bei strahlendem Sonnenschein am letzten Samstag m\u00f6chten wir Sie an unser Treffen am kommenden Samstag, den 12.&nbsp;Oktober erinnern, an dem wir uns \u00fcber den \u00f6ffentlichen Raum in Malley-Gare austauschen m\u00f6chten. Programm 9.00\/14.00&nbsp;Uhr \u2013 Start Stadtspaziergang 16.30&nbsp;Uhr \u2013 Zusammenschau und Ap\u00e9ro mit den Verantwortlichen der Beh\u00f6rden von Renens und Prilly sowie der SBB, [&hellip;]","og_url":"https:\/\/freebrand-test.ch\/de\/reflexion-sur-les-espaces-publics-de-malley-gare\/","og_site_name":"Central Malley","article_published_time":"2019-10-10T08:39:00+00:00","article_modified_time":"2022-03-11T13:55:17+00:00","og_image":[{"width":2256,"height":1496,"url":"https:\/\/freebrand-test.ch\/wp-content\/uploads\/2021\/09\/news.jpg","type":"image\/jpeg"}],"author":"Dimitrij Rees","twitter_card":"summary_large_image","twitter_misc":{"Verfasst von":"Dimitrij Rees","Gesch\u00e4tzte Lesezeit":"1 Minute"},"schema":{"@context":"https:\/\/schema.org","@graph":[{"@type":"Article","@id":"https:\/\/freebrand-test.ch\/de\/reflexion-sur-les-espaces-publics-de-malley-gare\/#article","isPartOf":{"@id":"https:\/\/freebrand-test.ch\/de\/reflexion-sur-les-espaces-publics-de-malley-gare\/"},"author":{"name":"Dimitrij Rees","@id":"https:\/\/freebrand-test.ch\/#\/schema\/person\/1301c9ae39383fe60841fa56d2c1eb0b"},"headline":"\u00dcBERLEGUNGEN ZUM \u00d6FFENTLICHEN RAUM IN MALLEY-GARE.","datePublished":"2019-10-10T08:39:00+00:00","dateModified":"2022-03-11T13:55:17+00:00","mainEntityOfPage":{"@id":"https:\/\/freebrand-test.ch\/de\/reflexion-sur-les-espaces-publics-de-malley-gare\/"},"wordCount":136,"publisher":{"@id":"https:\/\/freebrand-test.ch\/#organization"},"image":{"@id":"https:\/\/freebrand-test.ch\/de\/reflexion-sur-les-espaces-publics-de-malley-gare\/#primaryimage"},"thumbnailUrl":"https:\/\/freebrand-test.ch\/wp-content\/uploads\/2021\/09\/news.jpg","articleSection":["News"],"inLanguage":"de-DE"},{"@type":"WebPage","@id":"https:\/\/freebrand-test.ch\/de\/reflexion-sur-les-espaces-publics-de-malley-gare\/","url":"https:\/\/freebrand-test.ch\/de\/reflexion-sur-les-espaces-publics-de-malley-gare\/","name":"\u00dcBERLEGUNGEN ZUM \u00d6FFENTLICHEN RAUM IN MALLEY-GARE. - Central Malley","isPartOf":{"@id":"https:\/\/freebrand-test.ch\/#website"},"primaryImageOfPage":{"@id":"https:\/\/freebrand-test.ch\/de\/reflexion-sur-les-espaces-publics-de-malley-gare\/#primaryimage"},"image":{"@id":"https:\/\/freebrand-test.ch\/de\/reflexion-sur-les-espaces-publics-de-malley-gare\/#primaryimage"},"thumbnailUrl":"https:\/\/freebrand-test.ch\/wp-content\/uploads\/2021\/09\/news.jpg","datePublished":"2019-10-10T08:39:00+00:00","dateModified":"2022-03-11T13:55:17+00:00","breadcrumb":{"@id":"https:\/\/freebrand-test.ch\/de\/reflexion-sur-les-espaces-publics-de-malley-gare\/#breadcrumb"},"inLanguage":"de-DE","potentialAction":[{"@type":"ReadAction","target":["https:\/\/freebrand-test.ch\/de\/reflexion-sur-les-espaces-publics-de-malley-gare\/"]}]},{"@type":"ImageObject","inLanguage":"de-DE","@id":"https:\/\/freebrand-test.ch\/de\/reflexion-sur-les-espaces-publics-de-malley-gare\/#primaryimage","url":"https:\/\/freebrand-test.ch\/wp-content\/uploads\/2021\/09\/news.jpg","contentUrl":"https:\/\/freebrand-test.ch\/wp-content\/uploads\/2021\/09\/news.jpg","width":2256,"height":1496},{"@type":"BreadcrumbList","@id":"https:\/\/freebrand-test.ch\/de\/reflexion-sur-les-espaces-publics-de-malley-gare\/#breadcrumb","itemListElement":[{"@type":"ListItem","position":1,"name":"Startseite","item":"https:\/\/freebrand-test.ch\/de\/"},{"@type":"ListItem","position":2,"name":"\u00dcBERLEGUNGEN ZUM \u00d6FFENTLICHEN RAUM IN MALLEY-GARE."}]},{"@type":"WebSite","@id":"https:\/\/freebrand-test.ch\/#website","url":"https:\/\/freebrand-test.ch\/","name":"Central Malley","description":"","publisher":{"@id":"https:\/\/freebrand-test.ch\/#organization"},"potentialAction":[{"@type":"SearchAction","target":{"@type":"EntryPoint","urlTemplate":"https:\/\/freebrand-test.ch\/?s={search_term_string}"},"query-input":{"@type":"PropertyValueSpecification","valueRequired":true,"valueName":"search_term_string"}}],"inLanguage":"de-DE"},{"@type":"Organization","@id":"https:\/\/freebrand-test.ch\/#organization","name":"Central Malley","url":"https:\/\/freebrand-test.ch\/","logo":{"@type":"ImageObject","inLanguage":"de-DE","@id":"https:\/\/freebrand-test.ch\/#\/schema\/logo\/image\/","url":"https:\/\/freebrand-test.ch\/wp-content\/uploads\/2021\/09\/logo-central.svg","contentUrl":"https:\/\/freebrand-test.ch\/wp-content\/uploads\/2021\/09\/logo-central.svg","width":229,"height":68,"caption":"Central Malley"},"image":{"@id":"https:\/\/freebrand-test.ch\/#\/schema\/logo\/image\/"}},{"@type":"Person","@id":"https:\/\/freebrand-test.ch\/#\/schema\/person\/1301c9ae39383fe60841fa56d2c1eb0b","name":"Dimitrij Rees"}]}},"_links":{"self":[{"href":"https:\/\/freebrand-test.ch\/de\/wp-json\/wp\/v2\/posts\/696","targetHints":{"allow":["GET"]}}],"collection":[{"href":"https:\/\/freebrand-test.ch\/de\/wp-json\/wp\/v2\/posts"}],"about":[{"href":"https:\/\/freebrand-test.ch\/de\/wp-json\/wp\/v2\/types\/post"}],"author":[{"embeddable":true,"href":"https:\/\/freebrand-test.ch\/de\/wp-json\/wp\/v2\/users\/3"}],"replies":[{"embeddable":true,"href":"https:\/\/freebrand-test.ch\/de\/wp-json\/wp\/v2\/comments?post=696"}],"version-history":[{"count":0,"href":"https:\/\/freebrand-test.ch\/de\/wp-json\/wp\/v2\/posts\/696\/revisions"}],"wp:featuredmedia":[{"embeddable":true,"href":"https:\/\/freebrand-test.ch\/de\/wp-json\/wp\/v2\/media\/627"}],"wp:attachment":[{"href":"https:\/\/freebrand-test.ch\/de\/wp-json\/wp\/v2\/media?parent=696"}],"wp:term":[{"taxonomy":"category","embeddable":true,"href":"https:\/\/freebrand-test.ch\/de\/wp-json\/wp\/v2\/categories?post=696"},{"taxonomy":"post_tag","embeddable":true,"href":"https:\/\/freebrand-test.ch\/de\/wp-json\/wp\/v2\/tags?post=696"}],"curies":[{"name":"wp","href":"https:\/\/api.w.org\/{rel}","templated":true}]}}